{"id":3291,"date":"2023-08-12T19:29:34","date_gmt":"2023-08-12T17:29:34","guid":{"rendered":"https:\/\/www.gesundessalzburg.at\/amd\/?p=3291"},"modified":"2024-12-04T21:42:32","modified_gmt":"2024-12-04T20:42:32","slug":"bnw-seminar-verbuendete-finden-undwirkungsvoll-zusammenarbeiten","status":"publish","type":"post","link":"https:\/\/www.gesundessalzburg.at\/amd\/bnw-seminar-verbuendete-finden-undwirkungsvoll-zusammenarbeiten\/","title":{"rendered":"BNW-Seminar: &#8222;Verb\u00fcndete finden und<br>wirkungsvoll zusammenarbeiten&#8220;"},"content":{"rendered":"<p>Rund um die Gestaltung partizipativer Projekte im lokalen Raum dreht sich das Bildungsnetzwerk-Seminar von Dr. G\u00fcnther Marchner, der unter anderem als Sozialwissenschafter sowie als Berater und Moderator in der Regionalentwicklung und f\u00fcr die Gestaltung von Beteiligungs- und Strategieprozessen t\u00e4tig ist und von Gesundheits- und Arbeitspsychologin Mag. Maria Pramhas, die unter anderem als Personal und Organisationsentwicklerin im Einsatz ist. Im Fokus des Workshops steht dabei der Aufbau neuer Angebote und innovativer Projekte im Gesundheits- und Sozialbereich, der sich in der Schnittstelle von Institutionen, Gemeinden und B\u00fcrger*innen steht. Das Ziel ist es, den Teilnehmenden die F\u00e4higkeit zur Verankerung, Gestaltung und erfolgreichen Umsetzung partizipativer Projekte im lokalen Raum zu f\u00f6rdern.<\/p>\n<p>Das Seminar findet am Mittwoch, <strong>04. Oktober<\/strong> von <strong>09.00-17.00 Uhr<\/strong> ONLINE mittels Zoom statt. Die <strong>Anmeldung<\/strong> erfolgt direkt \u00fcber die <strong><a rel=\"nofollow\" target=\"_blank\"  href=\"https:\/\/weiterbildungsdatenbank.fgoe.org\/\">FG\u00d6-Weiterbildungsdatenbank<\/a><\/strong>. Die Teilnahmegeb\u00fchr betr\u00e4gt insgesamt 100 Euro.<\/p>\n<p>Hier k\u00f6nnen Sie die gesamte <a href=\"https:\/\/www.gesundessalzburg.at\/amd\/wp-content\/uploads\/2023\/04\/BNW-Programm-Salzburg-2023.pdf\" target=\"_blank\" rel=\"noopener\"><strong>Bildungsnetzwerk-Brosch\u00fcre f\u00fcr Salzburg downloaden<\/strong>.<\/a><\/p>\n<p>&nbsp;<\/p>\n<h6>Unser &#8222;Social Media&#8220;:<\/h6>\n<p><a href=\"https:\/\/facebook.com\/avos.salzburg\/\" target=\"_blank\" rel=\"noopener\"><strong>Facebook:<\/strong> \u201eGesundes Salzburg: AVOS und AMD\u201c<\/a><\/p>\n<p><a href=\"https:\/\/www.instagram.com\/gesundes_salzburg_avos_und_amd\/\" target=\"_blank\" rel=\"noopener\"><strong>Instagram:<\/strong> \u201eGesundes Salzburg: AVOS und AMD\u201c<\/a><\/p>\n<p><a href=\"https:\/\/www.linkedin.com\/company\/gesundessalzburg\/\" target=\"_blank\" rel=\"noopener\"><strong>LinkedIn:<\/strong> \u201eGesundes Salzburg: AVOS und AMD\u201c<\/a><\/p>\n<p>&nbsp;<\/p>\n","protected":false},"excerpt":{"rendered":"<p>Das Bildungsnetzwerk-Seminar von Dr. G\u00fcnther Marchner und Mag. Maria Pramhas dreht sich um den Aufbau neuer Angebote und innovativer Projekte im Gesundheits- und Sozialbereich. <\/p>\n","protected":false},"author":2,"featured_media":3293,"comment_status":"closed","ping_status":"closed","sticky":false,"template":"","format":"standard","meta":{"_acf_changed":false,"footnotes":""},"categories":[6],"tags":[],"class_list":["post-3291","post","type-post","status-publish","format-standard","has-post-thumbnail","hentry","category-amd-news"],"acf":[],"_links":{"self":[{"href":"https:\/\/www.gesundessalzburg.at\/amd\/wp-json\/wp\/v2\/posts\/3291","targetHints":{"allow":["GET"]}}],"collection":[{"href":"https:\/\/www.gesundessalzburg.at\/amd\/wp-json\/wp\/v2\/posts"}],"about":[{"href":"https:\/\/www.gesundessalzburg.at\/amd\/wp-json\/wp\/v2\/types\/post"}],"author":[{"embeddable":true,"href":"https:\/\/www.gesundessalzburg.at\/amd\/wp-json\/wp\/v2\/users\/2"}],"replies":[{"embeddable":true,"href":"https:\/\/www.gesundessalzburg.at\/amd\/wp-json\/wp\/v2\/comments?post=3291"}],"version-history":[{"count":2,"href":"https:\/\/www.gesundessalzburg.at\/amd\/wp-json\/wp\/v2\/posts\/3291\/revisions"}],"predecessor-version":[{"id":3294,"href":"https:\/\/www.gesundessalzburg.at\/amd\/wp-json\/wp\/v2\/posts\/3291\/revisions\/3294"}],"wp:featuredmedia":[{"embeddable":true,"href":"https:\/\/www.gesundessalzburg.at\/amd\/wp-json\/wp\/v2\/media\/3293"}],"wp:attachment":[{"href":"https:\/\/www.gesundessalzburg.at\/amd\/wp-json\/wp\/v2\/media?parent=3291"}],"wp:term":[{"taxonomy":"category","embeddable":true,"href":"https:\/\/www.gesundessalzburg.at\/amd\/wp-json\/wp\/v2\/categories?post=3291"},{"taxonomy":"post_tag","embeddable":true,"href":"https:\/\/www.gesundessalzburg.at\/amd\/wp-json\/wp\/v2\/tags?post=3291"}],"curies":[{"name":"wp","href":"https:\/\/api.w.org\/{rel}","templated":true}]}}