{"id":3522,"date":"2024-06-24T12:18:57","date_gmt":"2024-06-24T10:18:57","guid":{"rendered":"https:\/\/www.gesundessalzburg.at\/amd\/?p=3522"},"modified":"2024-06-24T12:32:52","modified_gmt":"2024-06-24T10:32:52","slug":"betriebliche-kinderbetreuung-alsthema-der-salzburger-wirtschaft","status":"publish","type":"post","link":"https:\/\/www.gesundessalzburg.at\/amd\/betriebliche-kinderbetreuung-alsthema-der-salzburger-wirtschaft\/","title":{"rendered":"Betriebliche Kinderbetreuung als<br>THEMA der Salzburger Wirtschaft"},"content":{"rendered":"<p>Zahlreiche spannende Informationen zur Betrieblichen Kinderbetreuung in Salzburg und der passenden Beratungsstelle \u201eBeKi\u201c hat AMD-Salzburg-Bereichsleiter Mag. Rafael Paulischin-Hovdar dem Magazin \u201eSalzburger Wirtschaft\u201c verraten. Der ehemalige Kindergarten-Leiter geht dabei unter anderem darauf ein, wie wichtig ma\u00dfgeschneiderte L\u00f6sungen f\u00fcr die Betriebe sind \u2013 von Betriebstageseltern \u00fcber alterweiterte Gruppen und Kleinkindgruppen bis hin zur Betreuung in Kooperation mit anderen Firmen. Den ganzen Artikel unter dem Titel <a href=\"https:\/\/www.wko.at\/sbg\/news\/12-2024-web.pdf\" target=\"_blank\" rel=\"noopener\"><strong>THEMA In Sachen Kinderbetreuung<\/strong> gibt\u2019s <strong>hier <\/strong>im PDF<strong> zum Nachlesen<\/strong><\/a>!<\/p>\n<p>Die Beratungsstelle zur Betrieblichen Kinderbetreuung wurde vor mehr als drei Jahren von der Salzburger Arbeiterkammer und der Wirtschaftskammer Salzburg ins Leben gerufen und ist seit dem Beginn beim AMD Salzburg angesiedelt. Alle Details unter: <a href=\"http:\/\/www.beki-sbg.at\" target=\"_blank\" rel=\"noopener\"><strong>www.beki-sbg.at<\/strong><\/a><\/p>\n<p>Und wer sich hier noch genauer informieren m\u00f6chte, findet die Inputs von Mag. Rafael Paulischin-Hovdar auch im <a href=\"https:\/\/www.youtube.com\/playlist?list=PLkAzCqzrV_feg8re3qSgnccyJLUUGpyDy\" target=\"_blank\" rel=\"noopener\"><strong>Podcast der Wirtschaftskammer Salzburg<\/strong><\/a>!<\/p>\n<p><iframe loading=\"lazy\" title=\"Knackpunkt Kinderbetreuung\" width=\"500\" height=\"375\" src=\"https:\/\/www.youtube.com\/embed\/OIJBQ5Fphc4?list=PLkAzCqzrV_feg8re3qSgnccyJLUUGpyDy\" frameborder=\"0\" allow=\"accelerometer; autoplay; clipboard-write; encrypted-media; gyroscope; picture-in-picture; web-share\" referrerpolicy=\"strict-origin-when-cross-origin\" allowfullscreen><\/iframe><\/p>\n","protected":false},"excerpt":{"rendered":"<p>Zahlreiche spannende Informationen zur Betrieblichen Kinderbetreuung hat AMD-Salzburg-Bereichsleiter Mag. Rafael Paulischin-Hovdar dem Magazin \u201eSalzburger Wirtschaft\u201c verraten.<\/p>\n","protected":false},"author":2,"featured_media":3529,"comment_status":"closed","ping_status":"closed","sticky":false,"template":"","format":"standard","meta":{"_acf_changed":false,"footnotes":""},"categories":[6],"tags":[],"class_list":["post-3522","post","type-post","status-publish","format-standard","has-post-thumbnail","hentry","category-amd-news"],"acf":[],"_links":{"self":[{"href":"https:\/\/www.gesundessalzburg.at\/amd\/wp-json\/wp\/v2\/posts\/3522","targetHints":{"allow":["GET"]}}],"collection":[{"href":"https:\/\/www.gesundessalzburg.at\/amd\/wp-json\/wp\/v2\/posts"}],"about":[{"href":"https:\/\/www.gesundessalzburg.at\/amd\/wp-json\/wp\/v2\/types\/post"}],"author":[{"embeddable":true,"href":"https:\/\/www.gesundessalzburg.at\/amd\/wp-json\/wp\/v2\/users\/2"}],"replies":[{"embeddable":true,"href":"https:\/\/www.gesundessalzburg.at\/amd\/wp-json\/wp\/v2\/comments?post=3522"}],"version-history":[{"count":3,"href":"https:\/\/www.gesundessalzburg.at\/amd\/wp-json\/wp\/v2\/posts\/3522\/revisions"}],"predecessor-version":[{"id":3530,"href":"https:\/\/www.gesundessalzburg.at\/amd\/wp-json\/wp\/v2\/posts\/3522\/revisions\/3530"}],"wp:featuredmedia":[{"embeddable":true,"href":"https:\/\/www.gesundessalzburg.at\/amd\/wp-json\/wp\/v2\/media\/3529"}],"wp:attachment":[{"href":"https:\/\/www.gesundessalzburg.at\/amd\/wp-json\/wp\/v2\/media?parent=3522"}],"wp:term":[{"taxonomy":"category","embeddable":true,"href":"https:\/\/www.gesundessalzburg.at\/amd\/wp-json\/wp\/v2\/categories?post=3522"},{"taxonomy":"post_tag","embeddable":true,"href":"https:\/\/www.gesundessalzburg.at\/amd\/wp-json\/wp\/v2\/tags?post=3522"}],"curies":[{"name":"wp","href":"https:\/\/api.w.org\/{rel}","templated":true}]}}