{"id":4331,"date":"2025-11-05T15:02:55","date_gmt":"2025-11-05T14:02:55","guid":{"rendered":"https:\/\/www.gesundessalzburg.at\/amd\/?p=4331"},"modified":"2025-11-05T15:07:19","modified_gmt":"2025-11-05T14:07:19","slug":"amd-salzburg-istklimabuendnis-partner","status":"publish","type":"post","link":"https:\/\/www.gesundessalzburg.at\/amd\/amd-salzburg-istklimabuendnis-partner\/","title":{"rendered":"AMD Salzburg ist<br>Klimab\u00fcndnis-Partner"},"content":{"rendered":"<p><strong>Der AMD Salzburg ist seit Herbst 2025 ein Klimab\u00fcndnis-Partnerbetrieb. Denn ein gesundes, sicheres Arbeitsumfeld und eine intakte Umwelt sowie aktiver Klimaschutz geh\u00f6ren zusammen.<\/strong><\/p>\n<p>Das Klimab\u00fcndnis ist das gr\u00f6\u00dfte kommunale Klimaschutz-Netzwerk. Es ber\u00e4t und begleitet seine Partner, von Unternehmen bis zu Organisationen und Gemeinden, auf dem Weg zu mehr Nachhaltigkeit und Klimafreundlichkeit.<\/p>\n<p>Um die Partnerschaft mit dem <a href=\"https:\/\/salzburg.klimabuendnis.at\/\" target=\"_blank\" rel=\"nofollow\" target=\"_blank\" >Klimab\u00fcndnis Salzburg<\/a> zu erlangen, wurden in der AMD Salzburg-Zentrale in Salzburg-Stadt wichtige Umwelt- und Klimaparameter wie etwa Stromverbrauch, Heizkosten oder Dienstwege miteinbezogen. Alle Ma\u00dfnahmen, die in puncto Nachhaltigkeit bereits gesetzt werden, wurden evaluiert.<\/p>\n<p>Auf dieser Basis empfahl das Klimab\u00fcndnis Salzburg weitere, zus\u00e4tzliche Ma\u00dfnahmen, die in den kommenden Jahren umgesetzt werden sollen. Die n\u00e4chste Evaluierung findet im Jahr 2028 statt.<\/p>\n<p><img loading=\"lazy\" decoding=\"async\" class=\"alignnone size-medium wp-image-4338\" src=\"https:\/\/www.gesundessalzburg.at\/amd\/wp-content\/uploads\/2025\/10\/Logo-Klimabuendnis-Salzburg_fuer-Website-1024x576.png\" alt=\"\" width=\"1024\" height=\"576\" srcset=\"https:\/\/www.gesundessalzburg.at\/amd\/wp-content\/uploads\/2025\/10\/Logo-Klimabuendnis-Salzburg_fuer-Website-1024x576.png 1024w, https:\/\/www.gesundessalzburg.at\/amd\/wp-content\/uploads\/2025\/10\/Logo-Klimabuendnis-Salzburg_fuer-Website-768x432.png 768w, https:\/\/www.gesundessalzburg.at\/amd\/wp-content\/uploads\/2025\/10\/Logo-Klimabuendnis-Salzburg_fuer-Website-1536x864.png 1536w, https:\/\/www.gesundessalzburg.at\/amd\/wp-content\/uploads\/2025\/10\/Logo-Klimabuendnis-Salzburg_fuer-Website.png 1890w\" sizes=\"auto, (max-width: 1024px) 100vw, 1024px\" \/><\/p>\n<p>&nbsp;<\/p>\n","protected":false},"excerpt":{"rendered":"<p>Der AMD Salzburg ist seit Herbst 2025 ein Klimab\u00fcndnis-Partnerbetrieb. Die internen Klimaschutzma\u00dfnahmen wurden evaluiert und werden laufend weiterentwickelt.<\/p>\n","protected":false},"author":2,"featured_media":4332,"comment_status":"closed","ping_status":"closed","sticky":false,"template":"","format":"standard","meta":{"_acf_changed":false,"footnotes":""},"categories":[6],"tags":[],"class_list":["post-4331","post","type-post","status-publish","format-standard","has-post-thumbnail","hentry","category-amd-news"],"acf":[],"_links":{"self":[{"href":"https:\/\/www.gesundessalzburg.at\/amd\/wp-json\/wp\/v2\/posts\/4331","targetHints":{"allow":["GET"]}}],"collection":[{"href":"https:\/\/www.gesundessalzburg.at\/amd\/wp-json\/wp\/v2\/posts"}],"about":[{"href":"https:\/\/www.gesundessalzburg.at\/amd\/wp-json\/wp\/v2\/types\/post"}],"author":[{"embeddable":true,"href":"https:\/\/www.gesundessalzburg.at\/amd\/wp-json\/wp\/v2\/users\/2"}],"replies":[{"embeddable":true,"href":"https:\/\/www.gesundessalzburg.at\/amd\/wp-json\/wp\/v2\/comments?post=4331"}],"version-history":[{"count":6,"href":"https:\/\/www.gesundessalzburg.at\/amd\/wp-json\/wp\/v2\/posts\/4331\/revisions"}],"predecessor-version":[{"id":4341,"href":"https:\/\/www.gesundessalzburg.at\/amd\/wp-json\/wp\/v2\/posts\/4331\/revisions\/4341"}],"wp:featuredmedia":[{"embeddable":true,"href":"https:\/\/www.gesundessalzburg.at\/amd\/wp-json\/wp\/v2\/media\/4332"}],"wp:attachment":[{"href":"https:\/\/www.gesundessalzburg.at\/amd\/wp-json\/wp\/v2\/media?parent=4331"}],"wp:term":[{"taxonomy":"category","embeddable":true,"href":"https:\/\/www.gesundessalzburg.at\/amd\/wp-json\/wp\/v2\/categories?post=4331"},{"taxonomy":"post_tag","embeddable":true,"href":"https:\/\/www.gesundessalzburg.at\/amd\/wp-json\/wp\/v2\/tags?post=4331"}],"curies":[{"name":"wp","href":"https:\/\/api.w.org\/{rel}","templated":true}]}}