{"id":9851,"date":"2026-01-22T15:19:48","date_gmt":"2026-01-22T14:19:48","guid":{"rendered":"https:\/\/www.gesundessalzburg.at\/avos\/?p=9851"},"modified":"2026-01-22T15:19:48","modified_gmt":"2026-01-22T14:19:48","slug":"erfolgreiches-vernetzungstreffen-gesunde-gemeinde-in-werfen","status":"publish","type":"post","link":"https:\/\/www.gesundessalzburg.at\/avos\/erfolgreiches-vernetzungstreffen-gesunde-gemeinde-in-werfen\/","title":{"rendered":"Erfolgreiches Vernetzungstreffen <br> \u201eGesunde Gemeinde\u201c in Werfen"},"content":{"rendered":"<p><strong>Am 16. J\u00e4nner 2026 fand in Werfen das Gesunde Gemeinde-Vernetzungstreffen statt. Vertreter*innen aus Gemeinden fast aller Salzburger Bezirke nutzten die Gelegenheit zum fachlichen Austausch.<\/strong><\/p>\n<p>Insgesamt waren 26 Teilnehmer*innen vertreten. Dazu z\u00e4hlten (Vize-)B\u00fcrgermeister*innen und Ehrenamtliche aus den Gesundheitsteams der <a href=\"https:\/\/www.gesundessalzburg.at\/avos\/was-wir-tun\/regionale-gesundheitsfoerderung\/gesunde-gemeinden\/\" target=\"_blank\" rel=\"noopener\">Gesunden Gemeinden<\/a> aus nahezu allen Salzburger Bezirken sowie Vertreterinnen von AVOS.<\/p>\n<p>Er\u00f6ffnet wurde die Veranstaltung von AVOS-Gesch\u00e4ftsf\u00fchrerin Angelika Bukovski,\u00a0MIM, MBA und dem Vizeb\u00fcrgermeister der Gemeinde Werfen, Christoph Hochbrugger. Beide begr\u00fc\u00dften die Teilnehmenden und f\u00fchrten mit wertsch\u00e4tzenden Worten in das Programm ein.<\/p>\n<p>Im Anschluss wurden die aktuellen Neuerungen der vom Land Salzburg gef\u00f6rderten Initiative Gesunde Gemeinde vorgestellt. Im Mittelpunkt stand dabei das \u00fcberarbeitete \u201eGesunde Gemeinde Konzept 2.0\u201c mit den neuen Schwerpunkten Gesundheitslandkarte, Integration von Gesundheitsf\u00f6rderung in das Gemeindeleben sowie den AVOS-Qualit\u00e4tsstandards.<\/p>\n<p>Das Vernetzungstreffen war gepr\u00e4gt von gro\u00dfem Interesse, konstruktivem Austausch und lebendigen Diskussionen. Es leistete einen wichtigen Beitrag zur weiteren Vernetzung und zur St\u00e4rkung der Zusammenarbeit zwischen den Gemeinden.<\/p>\n<p>&nbsp;<\/p>\n<p>&nbsp;<\/p>\n","protected":false},"excerpt":{"rendered":"<p>Am 16. J\u00e4nner 2026 fand in Werfen das Gesunde Gemeinde-Vernetzungstreffen statt. Vertreter*innen aus Gemeinden fast aller Salzburger Bezirke nutzten die Gelegenheit zum fachlichen Austausch.<\/p>\n","protected":false},"author":2,"featured_media":9854,"comment_status":"closed","ping_status":"closed","sticky":false,"template":"","format":"standard","meta":{"_acf_changed":false,"footnotes":""},"categories":[6],"tags":[],"class_list":["post-9851","post","type-post","status-publish","format-standard","has-post-thumbnail","hentry","category-die-avos-news"],"acf":[],"_links":{"self":[{"href":"https:\/\/www.gesundessalzburg.at\/avos\/wp-json\/wp\/v2\/posts\/9851","targetHints":{"allow":["GET"]}}],"collection":[{"href":"https:\/\/www.gesundessalzburg.at\/avos\/wp-json\/wp\/v2\/posts"}],"about":[{"href":"https:\/\/www.gesundessalzburg.at\/avos\/wp-json\/wp\/v2\/types\/post"}],"author":[{"embeddable":true,"href":"https:\/\/www.gesundessalzburg.at\/avos\/wp-json\/wp\/v2\/users\/2"}],"replies":[{"embeddable":true,"href":"https:\/\/www.gesundessalzburg.at\/avos\/wp-json\/wp\/v2\/comments?post=9851"}],"version-history":[{"count":1,"href":"https:\/\/www.gesundessalzburg.at\/avos\/wp-json\/wp\/v2\/posts\/9851\/revisions"}],"predecessor-version":[{"id":9852,"href":"https:\/\/www.gesundessalzburg.at\/avos\/wp-json\/wp\/v2\/posts\/9851\/revisions\/9852"}],"wp:featuredmedia":[{"embeddable":true,"href":"https:\/\/www.gesundessalzburg.at\/avos\/wp-json\/wp\/v2\/media\/9854"}],"wp:attachment":[{"href":"https:\/\/www.gesundessalzburg.at\/avos\/wp-json\/wp\/v2\/media?parent=9851"}],"wp:term":[{"taxonomy":"category","embeddable":true,"href":"https:\/\/www.gesundessalzburg.at\/avos\/wp-json\/wp\/v2\/categories?post=9851"},{"taxonomy":"post_tag","embeddable":true,"href":"https:\/\/www.gesundessalzburg.at\/avos\/wp-json\/wp\/v2\/tags?post=9851"}],"curies":[{"name":"wp","href":"https:\/\/api.w.org\/{rel}","templated":true}]}}